{"id":1895,"date":"2019-07-31T18:00:34","date_gmt":"2019-07-31T18:00:34","guid":{"rendered":"http:\/\/ndcompassion.com\/?p=1895"},"modified":"2019-07-30T18:05:59","modified_gmt":"2019-07-30T18:05:59","slug":"una-acogida-inesperada-en-la-comunidad-de-villaverde","status":"publish","type":"post","link":"https:\/\/ndcompassion.com\/es\/una-acogida-inesperada-en-la-comunidad-de-villaverde\/","title":{"rendered":"Una acogida inesperada en la comunidad de Villaverde"},"content":{"rendered":"<p>[et_pb_section fb_built=\u00bb1&#8243; _builder_version=\u00bb3.22.7&#8243;][et_pb_row _builder_version=\u00bb3.22.7&#8243;][et_pb_column type=\u00bb2_3&#8243; _builder_version=\u00bb3.22.7&#8243;][et_pb_text admin_label=\u00bbtexto acogida en Villaverde\u00bb _builder_version=\u00bb3.22.7&#8243;]<\/p>\n<p style=\"text-align: justify;\">El 15 de agosto de 2018, Jes\u00fas y Rosi, una familia del Barrio de Villaverde en el cual est\u00e1 inserta la comunidad, nos pide, si es posible, acoger en nuestra casa a un joven emigrante de 18 a\u00f1os, natural de Guinea Konacri \u201cpor unos d\u00edas\u201d. <\/p>\n<p style=\"text-align: justify;\">Sensibilizadas como estamos, por el drama de la muerte de tantos emigrantes en el Mediterr\u00e1neo y la llamada del Papa Francisco a acogerlos, sentimos que es un reto y una oportunidad de manifestar y visibilizar la Compasi\u00f3n de Dios por los empobrecidos de la sociedad.Junto con una familia del barrio, seguimos acogiendo a este joven y haci\u00e9ndonos cargo de la estancia, alimentaci\u00f3n, vestuario, viajes, etc. en su proceso de integraci\u00f3n. Nos interesamos, le ayudamos y le acompa\u00f1amos en el aprendizaje del espa\u00f1ol y dem\u00e1s cursos de formaci\u00f3n.<\/p>\n<p style=\"text-align: justify;\">Ha sido para nosotras una gran alegr\u00eda que se haya podido federar en un equipo de f\u00fatbol \u2013 su gran ilusi\u00f3n \u2013 y que le hayan concedido ya, la \u201ctarjeta roja\u201d con permiso de residencia y trabajo hasta octubre de 2019. En este momento su objetivo, y el nuestro, es conseguir un empleo y,a ser posible, un piso tutelado.<\/p>\n<p style=\"text-align: justify;\">La comunidad, hemos tenido que ir adapt\u00e1ndonos a compartir los espacios y, en parte, nuestra vida, con un joven de cultura, costumbres, religi\u00f3n, etc. diferentes; mostrando respeto, cercan\u00eda, cari\u00f1o y tambi\u00e9n paciencia para que \u00e9l vaya aprendiendo\u2026Nos sentimos interpeladas en nuestra vida \u00a1tantas veces acomodada! e invitadas a no juzgar y tratar de comprender el sue\u00f1o que le trajo hasta Europa (\u00a1un a\u00f1o le cost\u00f3 hasta llegar en patera a C\u00e1diz!), lo que le tiene que suponer el desarraigo de su pa\u00eds, ambiente, familia y amigos y a la vez la progresiva decepci\u00f3n por las dificultades por las que est\u00e1 pasando.<\/p>\n<p style=\"text-align: justify;\">Para nosotras ha sido una gracia y una oportunidad para desarrollar y ensanchar nuestras entra\u00f1as de misericordia.<\/p>\n<p>[\/et_pb_text][\/et_pb_column][et_pb_column type=\u00bb1_3&#8243; _builder_version=\u00bb3.22.7&#8243;][et_pb_image src=\u00bbhttp:\/\/ndcompassion.com\/wp-content\/uploads\/2019\/07\/Villaverde_acogida02_800.jpg\u00bb admin_label=\u00bbImagen acogida Villaverde\u00bb _builder_version=\u00bb3.22.7&#8243; animation_style=\u00bbslide\u00bb][\/et_pb_image][\/et_pb_column][\/et_pb_row][\/et_pb_section]<\/p>\n","protected":false},"excerpt":{"rendered":"<p>El 15 de agosto de 2018, Jes\u00fas y Rosi, una familia del Barrio de Villaverde en el cual est\u00e1 inserta la comunidad, nos pide, si es posible, acoger en nuestra casa a un joven emigrante de 18 a\u00f1os, natural de Guinea Konacri \u201cpor unos d\u00edas\u201d. Sensibilizadas como estamos, por el drama de la muerte de [&hellip;]<\/p>\n","protected":false},"author":1,"featured_media":1898,"comment_status":"closed","ping_status":"closed","sticky":false,"template":"","format":"standard","meta":{"_et_pb_use_builder":"on","_et_pb_old_content":"","_et_gb_content_width":"","footnotes":""},"categories":[13],"tags":[],"class_list":["post-1895","post","type-post","status-publish","format-standard","has-post-thumbnail","hentry","category-espana"],"_links":{"self":[{"href":"https:\/\/ndcompassion.com\/es\/wp-json\/wp\/v2\/posts\/1895","targetHints":{"allow":["GET"]}}],"collection":[{"href":"https:\/\/ndcompassion.com\/es\/wp-json\/wp\/v2\/posts"}],"about":[{"href":"https:\/\/ndcompassion.com\/es\/wp-json\/wp\/v2\/types\/post"}],"author":[{"embeddable":true,"href":"https:\/\/ndcompassion.com\/es\/wp-json\/wp\/v2\/users\/1"}],"replies":[{"embeddable":true,"href":"https:\/\/ndcompassion.com\/es\/wp-json\/wp\/v2\/comments?post=1895"}],"version-history":[{"count":3,"href":"https:\/\/ndcompassion.com\/es\/wp-json\/wp\/v2\/posts\/1895\/revisions"}],"predecessor-version":[{"id":1903,"href":"https:\/\/ndcompassion.com\/es\/wp-json\/wp\/v2\/posts\/1895\/revisions\/1903"}],"wp:featuredmedia":[{"embeddable":true,"href":"https:\/\/ndcompassion.com\/es\/wp-json\/wp\/v2\/media\/1898"}],"wp:attachment":[{"href":"https:\/\/ndcompassion.com\/es\/wp-json\/wp\/v2\/media?parent=1895"}],"wp:term":[{"taxonomy":"category","embeddable":true,"href":"https:\/\/ndcompassion.com\/es\/wp-json\/wp\/v2\/categories?post=1895"},{"taxonomy":"post_tag","embeddable":true,"href":"https:\/\/ndcompassion.com\/es\/wp-json\/wp\/v2\/tags?post=1895"}],"curies":[{"name":"wp","href":"https:\/\/api.w.org\/{rel}","templated":true}]}}