{"id":1850,"date":"2019-07-23T09:21:34","date_gmt":"2019-07-23T09:21:34","guid":{"rendered":"http:\/\/ndcompassion.com\/?p=1850"},"modified":"2019-07-30T16:05:35","modified_gmt":"2019-07-30T16:05:35","slug":"olimpiadas-2019-en-la-residencia-real-deleite-de-aranjuez","status":"publish","type":"post","link":"https:\/\/ndcompassion.com\/es\/olimpiadas-2019-en-la-residencia-real-deleite-de-aranjuez\/","title":{"rendered":"Olimpiadas 2019 en la Residencia \u00abReal Deleite\u00bb de Aranjuez"},"content":{"rendered":"<p>[et_pb_section fb_built=\u00bb1&#8243; _builder_version=\u00bb3.22.7&#8243;][et_pb_row _builder_version=\u00bb3.22.7&#8243;][et_pb_column type=\u00bb4_4&#8243; _builder_version=\u00bb3.22.7&#8243;][et_pb_text admin_label=\u00bb2019 olimpiadas Real Deleite\u00bb _builder_version=\u00bb3.22.7&#8243;]<\/p>\n<p style=\"text-align: justify;\">Los d\u00edas 13, 15 y 17 de mayo se han celebrado en la Residencia las primeras Olimpiadas DOMUS VI REAL DELEITE, para todos los residentes.<\/p>\n<p style=\"text-align: justify;\">Han sido unas jornadas de inter\u00e9s l\u00fadico, podemos decir que la participaci\u00f3n ha sido activa, festiva y muy bien acogida por los residentes. Hemos tenido de todo: Llama Ol\u00edmpica, equipos deportivos, juegos, y \u00a1c\u00f3mo no! medallas de bronce, plata y oro.<\/p>\n<p style=\"text-align: justify;\">Hemos disfrutado mucho, la alegr\u00eda era inmensa, se reflejaba en los rostros de los y las participantes, el dolor que no cabe duda se sufre en residencias de mayores, parec\u00eda inexistente.<\/p>\n<p style=\"text-align: justify;\">Los Equipos organizadores (personal del centro) nos animaron mucho potenciando todas nuestras habilidades f\u00edsicas, de amistad, de participaci\u00f3n.<\/p>\n<p style=\"text-align: justify;\">Estas Olimpiadas nos han hecho reflexionar y experimentar que podemos m\u00e1s de lo que creemos. Estas actividades, esta participaci\u00f3n, la cercan\u00eda demostrada, los rostros risue\u00f1os&#8230; nos hacen constatar que a pesar de la fragilidad humana se oculta un Esp\u00edritu firme que nos hace volver la mirada al pasado conservando la \u00abLLAMA\u00bb del Presente.<\/p>\n<p style=\"text-align: justify;\">Las jornadas terminaron en una fiesta de familia a la que acudieron las hermanas de las distintas comunidades Compasionistas de Madrid y la velada fue amenizada por la Orquesta de la Escuela de M\u00fasica de Aranjuez. <\/p>\n<p style=\"text-align: justify;\">La Comunidad Compasionista<br \/>de la Residencia \u00abREAL DELEITE\u00bb de Aranjuez<\/p>\n<p>[\/et_pb_text][et_pb_video src=\u00bbhttps:\/\/youtu.be\/LgDyx-kEnIs\u00bb admin_label=\u00bbV\u00eddeo olimpiadas Aranjuez 2019&#8243; _builder_version=\u00bb3.22.7&#8243;][\/et_pb_video][\/et_pb_column][\/et_pb_row][\/et_pb_section]<\/p>\n","protected":false},"excerpt":{"rendered":"<p>Los d\u00edas 13, 15 y 17 de mayo se han celebrado en la Residencia las primeras Olimpiadas DOMUS VI REAL DELEITE, para todos los residentes. Han sido unas jornadas de inter\u00e9s l\u00fadico, podemos decir que la participaci\u00f3n ha sido activa, festiva y muy bien acogida por los residentes. Hemos tenido de todo: Llama Ol\u00edmpica, equipos [&hellip;]<\/p>\n","protected":false},"author":1,"featured_media":1866,"comment_status":"closed","ping_status":"closed","sticky":false,"template":"","format":"standard","meta":{"_et_pb_use_builder":"on","_et_pb_old_content":"","_et_gb_content_width":"","footnotes":""},"categories":[13],"tags":[],"class_list":["post-1850","post","type-post","status-publish","format-standard","has-post-thumbnail","hentry","category-espana"],"_links":{"self":[{"href":"https:\/\/ndcompassion.com\/es\/wp-json\/wp\/v2\/posts\/1850","targetHints":{"allow":["GET"]}}],"collection":[{"href":"https:\/\/ndcompassion.com\/es\/wp-json\/wp\/v2\/posts"}],"about":[{"href":"https:\/\/ndcompassion.com\/es\/wp-json\/wp\/v2\/types\/post"}],"author":[{"embeddable":true,"href":"https:\/\/ndcompassion.com\/es\/wp-json\/wp\/v2\/users\/1"}],"replies":[{"embeddable":true,"href":"https:\/\/ndcompassion.com\/es\/wp-json\/wp\/v2\/comments?post=1850"}],"version-history":[{"count":5,"href":"https:\/\/ndcompassion.com\/es\/wp-json\/wp\/v2\/posts\/1850\/revisions"}],"predecessor-version":[{"id":1868,"href":"https:\/\/ndcompassion.com\/es\/wp-json\/wp\/v2\/posts\/1850\/revisions\/1868"}],"wp:featuredmedia":[{"embeddable":true,"href":"https:\/\/ndcompassion.com\/es\/wp-json\/wp\/v2\/media\/1866"}],"wp:attachment":[{"href":"https:\/\/ndcompassion.com\/es\/wp-json\/wp\/v2\/media?parent=1850"}],"wp:term":[{"taxonomy":"category","embeddable":true,"href":"https:\/\/ndcompassion.com\/es\/wp-json\/wp\/v2\/categories?post=1850"},{"taxonomy":"post_tag","embeddable":true,"href":"https:\/\/ndcompassion.com\/es\/wp-json\/wp\/v2\/tags?post=1850"}],"curies":[{"name":"wp","href":"https:\/\/api.w.org\/{rel}","templated":true}]}}