{"id":1740,"date":"2019-06-21T15:09:20","date_gmt":"2019-06-21T15:09:20","guid":{"rendered":"http:\/\/ndcompassion.com\/?p=1740"},"modified":"2019-06-21T15:09:26","modified_gmt":"2019-06-21T15:09:26","slug":"rita-ya-tiene-colegio-el-colegio-nuestra-senora-de-la-compasion","status":"publish","type":"post","link":"https:\/\/ndcompassion.com\/es\/rita-ya-tiene-colegio-el-colegio-nuestra-senora-de-la-compasion\/","title":{"rendered":"RITA YA TIENE COLEGIO: El colegio Nuestra Se\u00f1ora de la Compasi\u00f3n"},"content":{"rendered":"<p>[et_pb_section fb_built=\u00bb1&#8243; _builder_version=\u00bb3.22.7&#8243;][et_pb_row _builder_version=\u00bb3.22.7&#8243;][et_pb_column type=\u00bb3_5&#8243; _builder_version=\u00bb3.22.7&#8243;][et_pb_text _builder_version=\u00bb3.22.7&#8243; admin_label=\u00bbRita ya tiene Colegio\u00bb]<\/p>\n<p style=\"text-align: justify;\">\u00a1Os compartimos nuestra alegr\u00eda!<\/p>\n<p style=\"text-align: justify;\">Rita, una adolescente camerunesa de 12 a\u00f1os que ha venido a Dos Hermanas por reagrupaci\u00f3n familiar, necesita urgentemente ser escolarizada. S\u00f3lo habla franc\u00e9s. La administraci\u00f3n educativa dice a sus padres que no hay plaza en ning\u00fan colegio y lleva un mes sola en casa porque sus padres se van a trabajar.<\/p>\n<p style=\"text-align: justify;\">Lo tratamos en la Comunidad y nos planteamos c\u00f3mo ayudar a Rita. No podemos desaprovechar esta ocasi\u00f3n de vivir la Compasi\u00f3n, acogiendo su llamada, atentas a su clamor y dispuestas a salir de nuestra vida bien organizada, acogiendo a Rita durante la ma\u00f1ana, comprometi\u00e9ndonos a darle clase de espa\u00f1ol en nuestra casa, desde nuestra fragilidad en un camino solidario y fraterno. (Comunicado XXII Cap. General)<\/p>\n<p style=\"text-align: justify;\">El martes 30 de abril a las 10 horas empez\u00f3 a recibir sus clases de espa\u00f1ol y a participar en actividades extraescolares.<\/p>\n<p style=\"text-align: justify;\">El d\u00eda 2 de Mayo la Delegaci\u00f3n de Educaci\u00f3n, gracias a la sensibilidad de todo el profesorado en todo lo que se refiere a la educaci\u00f3n de los ni\u00f1os y j\u00f3venes, y a las innumerables gestiones de la direcci\u00f3n de nuestro centro, nos comunica que Rita puede ser escolarizada ya en el Colegio de la Compasi\u00f3n. Comienza sus clases el 6 de Mayo.<\/p>\n<p style=\"text-align: justify;\">Rita est\u00e1 feliz dando pasos en su integraci\u00f3n.<\/p>\n<p style=\"text-align: justify;\">Como nos dice Jes\u00fas \u201cAquello que hicisteis a uno de los m\u00e1s peque\u00f1os a m\u00ed me lo hicisteis\u201d.<\/p>\n<p style=\"text-align: justify;\">La Comunidad de Dos Hermanas<\/p>\n<p>[\/et_pb_text][\/et_pb_column][et_pb_column type=\u00bb2_5&#8243; _builder_version=\u00bb3.22.7&#8243;][et_pb_image animation_style=\u00bbslide\u00bb _builder_version=\u00bb3.22.7&#8243; src=\u00bbhttp:\/\/ndcompassion.com\/wp-content\/uploads\/2019\/06\/Rita2_640.jpg\u00bb admin_label=\u00bbRita ya tiene colegio 1&#8243;][\/et_pb_image][et_pb_image animation_style=\u00bbslide\u00bb _builder_version=\u00bb3.22.7&#8243; admin_label=\u00bbRita en la biblioteca\u00bb src=\u00bbhttp:\/\/ndcompassion.com\/wp-content\/uploads\/2019\/06\/RitaBiblioteca_640.jpg\u00bb][\/et_pb_image][\/et_pb_column][\/et_pb_row][\/et_pb_section]<\/p>\n","protected":false},"excerpt":{"rendered":"<p>\u00a1Os compartimos nuestra alegr\u00eda! Rita, una adolescente camerunesa de 12 a\u00f1os que ha venido a Dos Hermanas por reagrupaci\u00f3n familiar, necesita urgentemente ser escolarizada. S\u00f3lo habla franc\u00e9s. La administraci\u00f3n educativa dice a sus padres que no hay plaza en ning\u00fan colegio y lleva un mes sola en casa porque sus padres se van a trabajar. [&hellip;]<\/p>\n","protected":false},"author":1,"featured_media":1745,"comment_status":"closed","ping_status":"closed","sticky":false,"template":"","format":"standard","meta":{"_et_pb_use_builder":"on","_et_pb_old_content":"","_et_gb_content_width":"","footnotes":""},"categories":[13],"tags":[],"class_list":["post-1740","post","type-post","status-publish","format-standard","has-post-thumbnail","hentry","category-espana"],"_links":{"self":[{"href":"https:\/\/ndcompassion.com\/es\/wp-json\/wp\/v2\/posts\/1740","targetHints":{"allow":["GET"]}}],"collection":[{"href":"https:\/\/ndcompassion.com\/es\/wp-json\/wp\/v2\/posts"}],"about":[{"href":"https:\/\/ndcompassion.com\/es\/wp-json\/wp\/v2\/types\/post"}],"author":[{"embeddable":true,"href":"https:\/\/ndcompassion.com\/es\/wp-json\/wp\/v2\/users\/1"}],"replies":[{"embeddable":true,"href":"https:\/\/ndcompassion.com\/es\/wp-json\/wp\/v2\/comments?post=1740"}],"version-history":[{"count":4,"href":"https:\/\/ndcompassion.com\/es\/wp-json\/wp\/v2\/posts\/1740\/revisions"}],"predecessor-version":[{"id":1752,"href":"https:\/\/ndcompassion.com\/es\/wp-json\/wp\/v2\/posts\/1740\/revisions\/1752"}],"wp:featuredmedia":[{"embeddable":true,"href":"https:\/\/ndcompassion.com\/es\/wp-json\/wp\/v2\/media\/1745"}],"wp:attachment":[{"href":"https:\/\/ndcompassion.com\/es\/wp-json\/wp\/v2\/media?parent=1740"}],"wp:term":[{"taxonomy":"category","embeddable":true,"href":"https:\/\/ndcompassion.com\/es\/wp-json\/wp\/v2\/categories?post=1740"},{"taxonomy":"post_tag","embeddable":true,"href":"https:\/\/ndcompassion.com\/es\/wp-json\/wp\/v2\/tags?post=1740"}],"curies":[{"name":"wp","href":"https:\/\/api.w.org\/{rel}","templated":true}]}}