{"id":1584,"date":"2019-05-26T17:55:42","date_gmt":"2019-05-26T17:55:42","guid":{"rendered":"http:\/\/ndcompassion.com\/?p=1584"},"modified":"2019-05-26T17:56:36","modified_gmt":"2019-05-26T17:56:36","slug":"compasion-2019-en-el-colegio-maria-corredentora","status":"publish","type":"post","link":"https:\/\/ndcompassion.com\/es\/compasion-2019-en-el-colegio-maria-corredentora\/","title":{"rendered":"Compasi\u00f3n 2019 en el Colegio \u00abMar\u00eda Corredentora\u00bb"},"content":{"rendered":"<p>[et_pb_section fb_built=\u00bb1&#8243; _builder_version=\u00bb3.22.7&#8243;][et_pb_row _builder_version=\u00bb3.22.7&#8243;][et_pb_column type=\u00bb4_4&#8243; _builder_version=\u00bb3.22.7&#8243;][et_pb_text admin_label=\u00bbTexto celebraci\u00f3n Mar\u00eda Corredentora\u00bb _builder_version=\u00bb3.22.7&#8243;]<\/p>\n<p style=\"text-align: justify;\">Inspirado por el LEMA de este a\u00f1o: CRECEMOS EN COMPASI\u00d3N, el Colegio en pleno comenz\u00f3, a mediados de marzo, su andadura hacia la Celebraci\u00f3n de nuestro d\u00eda Grande. El jard\u00edn, los pasillos, la Capilla comenzaron a ser engalanados\u2026 Hubo hasta quienes ya fueron pensando el men\u00fa para ese d\u00eda\u2026, mientras otras expresaban la Compasi\u00f3n acentuando la ancha sonrisa con la que acompa\u00f1an, la acogida de cada d\u00eda, a los que llegan al Cole.<\/p>\n<p style=\"text-align: justify;\">Siguiendo las Orientaciones de Pastoral, todos los ciclos, cada uno a su nivel, tomaron como punto de referencia la Par\u00e1bola de \u201cEl grano de mostaza\u201d.<\/p>\n<p style=\"text-align: justify;\">Los chicos la leyeron bajito y en grupo. Se les ayud\u00f3 a interiorizarla, a compartir, a orar y\u2026 llegaron a descubrir la compasi\u00f3n en las peque\u00f1as semillas que Pap\u00e1-Dios hab\u00eda puesto en sus corazones, y en el coraz\u00f3n de cada persona. Semillas que \u201cse mor\u00edan de ganas\u201d por germinar, por brotar, por \u00a1crecer y crecer!\u2026 Hasta hacerse \u201cmayor\u201d. Hasta ser un \u00e1rbol que pueda ofrecer: flores en primavera, sombra en verano, frutos en oto\u00f1o\u2026, cobijo, a los pajarillos, en invierno\u2026<\/p>\n<p style=\"text-align: justify;\">Esos d\u00edas, las aulas ol\u00edan a semilleros germinando distintas formas de CRECER EN COMPASION El aula de m\u00fasica, a su vez, acog\u00eda voces, sostenidos y bemoles, en los ensayos de cantos para la Eucarist\u00eda del gran d\u00eda la Compasi\u00f3n. En ella, tambi\u00e9n ofrecieron el fruto de sus trabajos.<\/p>\n<p style=\"text-align: right;\">La Comunidad de Presencia en<br \/>Colegio \u201cMar\u00eda Corredentora\u201d<\/p>\n<p>[\/et_pb_text][et_pb_image src=\u00bbhttp:\/\/ndcompassion.com\/wp-content\/uploads\/2019\/05\/LuisdelaMata2_800.jpg\u00bb admin_label=\u00bbImagen celebraci\u00f3n Luis de la Mata\u00bb _builder_version=\u00bb3.22.7&#8243; animation_style=\u00bbslide\u00bb][\/et_pb_image][\/et_pb_column][\/et_pb_row][\/et_pb_section]<\/p>\n","protected":false},"excerpt":{"rendered":"<p>Inspirado por el LEMA de este a\u00f1o: CRECEMOS EN COMPASI\u00d3N, el Colegio en pleno comenz\u00f3, a mediados de marzo, su andadura hacia la Celebraci\u00f3n de nuestro d\u00eda Grande. El jard\u00edn, los pasillos, la Capilla comenzaron a ser engalanados\u2026 Hubo hasta quienes ya fueron pensando el men\u00fa para ese d\u00eda\u2026, mientras otras expresaban la Compasi\u00f3n acentuando [&hellip;]<\/p>\n","protected":false},"author":1,"featured_media":1587,"comment_status":"closed","ping_status":"closed","sticky":false,"template":"","format":"standard","meta":{"_et_pb_use_builder":"on","_et_pb_old_content":"","_et_gb_content_width":"","footnotes":""},"categories":[13],"tags":[],"class_list":["post-1584","post","type-post","status-publish","format-standard","has-post-thumbnail","hentry","category-espana"],"_links":{"self":[{"href":"https:\/\/ndcompassion.com\/es\/wp-json\/wp\/v2\/posts\/1584","targetHints":{"allow":["GET"]}}],"collection":[{"href":"https:\/\/ndcompassion.com\/es\/wp-json\/wp\/v2\/posts"}],"about":[{"href":"https:\/\/ndcompassion.com\/es\/wp-json\/wp\/v2\/types\/post"}],"author":[{"embeddable":true,"href":"https:\/\/ndcompassion.com\/es\/wp-json\/wp\/v2\/users\/1"}],"replies":[{"embeddable":true,"href":"https:\/\/ndcompassion.com\/es\/wp-json\/wp\/v2\/comments?post=1584"}],"version-history":[{"count":6,"href":"https:\/\/ndcompassion.com\/es\/wp-json\/wp\/v2\/posts\/1584\/revisions"}],"predecessor-version":[{"id":1595,"href":"https:\/\/ndcompassion.com\/es\/wp-json\/wp\/v2\/posts\/1584\/revisions\/1595"}],"wp:featuredmedia":[{"embeddable":true,"href":"https:\/\/ndcompassion.com\/es\/wp-json\/wp\/v2\/media\/1587"}],"wp:attachment":[{"href":"https:\/\/ndcompassion.com\/es\/wp-json\/wp\/v2\/media?parent=1584"}],"wp:term":[{"taxonomy":"category","embeddable":true,"href":"https:\/\/ndcompassion.com\/es\/wp-json\/wp\/v2\/categories?post=1584"},{"taxonomy":"post_tag","embeddable":true,"href":"https:\/\/ndcompassion.com\/es\/wp-json\/wp\/v2\/tags?post=1584"}],"curies":[{"name":"wp","href":"https:\/\/api.w.org\/{rel}","templated":true}]}}