{"id":1352,"date":"2017-05-31T08:58:30","date_gmt":"2017-05-31T08:58:30","guid":{"rendered":"http:\/\/ndcompassion.com\/es\/?p=1352"},"modified":"2017-05-31T11:09:58","modified_gmt":"2017-05-31T11:09:58","slug":"ceremonia-de-votos-definitivos-de-la-hna-hortense-mintsa-en-la-iglesia-de-san-juan-bautista-de-toulouse","status":"publish","type":"post","link":"https:\/\/ndcompassion.com\/es\/ceremonia-de-votos-definitivos-de-la-hna-hortense-mintsa-en-la-iglesia-de-san-juan-bautista-de-toulouse\/","title":{"rendered":"Ceremonia de Votos definitivos de la Hna. Hortense Mintsa en la Iglesia de San Juan Bautista de Toulouse"},"content":{"rendered":"<p>[et_pb_section admin_label=\u00bbsection\u00bb][et_pb_row admin_label=\u00bbrow\u00bb][et_pb_column type=\u00bb4_4&#8243;][et_pb_gallery admin_label=\u00bbVotos definitivos Hortense\u00bb gallery_ids=\u00bb1353,1355,1357&#8243; gallery_orderby=\u00bbrand\u00bb fullwidth=\u00bbon\u00bb show_title_and_caption=\u00bbon\u00bb show_pagination=\u00bbon\u00bb background_layout=\u00bblight\u00bb auto=\u00bbon\u00bb hover_overlay_color=\u00bbrgba(255,255,255,0.9)\u00bb caption_all_caps=\u00bboff\u00bb use_border_color=\u00bboff\u00bb border_color=\u00bb#ffffff\u00bb border_style=\u00bbsolid\u00bb]<\/p>\n<p>[\/et_pb_gallery][et_pb_text admin_label=\u00bbTexto ceremonia de votos definitivos de Hortense\u00bb background_layout=\u00bblight\u00bb text_orientation=\u00bbjustified\u00bb use_border_color=\u00bboff\u00bb border_color=\u00bb#ffffff\u00bb border_style=\u00bbsolid\u00bb]<\/p>\n<p>\u00a1Aleluya! \u00a1Aleluya! \u00a1Cristo vive!<\/p>\n<p>El pasado domingo 23 de abril de 2017 fue un d\u00eda importante para m\u00ed, para mi comunidad y para mi congregaci\u00f3n.<br \/>\nVivimos esta bella celebraci\u00f3n en medio de la alegr\u00eda, los cantos y la fiesta. Os agradezco desde lo hondo del coraz\u00f3n vuestra presencia, vuestra presencia activa y todos los regalos y atenciones que me hab\u00e9is mostrado.<br \/>\nY para aquellos\/as que no hab\u00e9is podido venir, he sentido que os un\u00edais a mi felicidad. Que Mar\u00eda de la Compasi\u00f3n os acompa\u00f1e todos los d\u00edas.<br \/>\nGracias a todos\/as y cada uno\/a.<\/p>\n<p>Hna. Hortense Mintsa<\/p>\n<p>[\/et_pb_text][\/et_pb_column][\/et_pb_row][\/et_pb_section]<\/p>\n","protected":false},"excerpt":{"rendered":"<p>\u00a1Aleluya! \u00a1Aleluya! \u00a1Cristo vive! El pasado domingo 23 de abril de 2017 fue un d\u00eda importante para m\u00ed, para mi comunidad y para mi congregaci\u00f3n. Vivimos esta bella celebraci\u00f3n en medio de la alegr\u00eda, los cantos y la fiesta. Os agradezco desde lo hondo del coraz\u00f3n vuestra presencia, vuestra presencia activa y todos los regalos [&hellip;]<\/p>\n","protected":false},"author":1,"featured_media":1355,"comment_status":"closed","ping_status":"closed","sticky":false,"template":"","format":"standard","meta":{"_et_pb_use_builder":"on","_et_pb_old_content":"","_et_gb_content_width":"","footnotes":""},"categories":[14],"tags":[],"class_list":["post-1352","post","type-post","status-publish","format-standard","has-post-thumbnail","hentry","category-francia"],"_links":{"self":[{"href":"https:\/\/ndcompassion.com\/es\/wp-json\/wp\/v2\/posts\/1352","targetHints":{"allow":["GET"]}}],"collection":[{"href":"https:\/\/ndcompassion.com\/es\/wp-json\/wp\/v2\/posts"}],"about":[{"href":"https:\/\/ndcompassion.com\/es\/wp-json\/wp\/v2\/types\/post"}],"author":[{"embeddable":true,"href":"https:\/\/ndcompassion.com\/es\/wp-json\/wp\/v2\/users\/1"}],"replies":[{"embeddable":true,"href":"https:\/\/ndcompassion.com\/es\/wp-json\/wp\/v2\/comments?post=1352"}],"version-history":[{"count":6,"href":"https:\/\/ndcompassion.com\/es\/wp-json\/wp\/v2\/posts\/1352\/revisions"}],"predecessor-version":[{"id":1374,"href":"https:\/\/ndcompassion.com\/es\/wp-json\/wp\/v2\/posts\/1352\/revisions\/1374"}],"wp:featuredmedia":[{"embeddable":true,"href":"https:\/\/ndcompassion.com\/es\/wp-json\/wp\/v2\/media\/1355"}],"wp:attachment":[{"href":"https:\/\/ndcompassion.com\/es\/wp-json\/wp\/v2\/media?parent=1352"}],"wp:term":[{"taxonomy":"category","embeddable":true,"href":"https:\/\/ndcompassion.com\/es\/wp-json\/wp\/v2\/categories?post=1352"},{"taxonomy":"post_tag","embeddable":true,"href":"https:\/\/ndcompassion.com\/es\/wp-json\/wp\/v2\/tags?post=1352"}],"curies":[{"name":"wp","href":"https:\/\/api.w.org\/{rel}","templated":true}]}}